{"id":826,"date":"2022-04-28T17:56:28","date_gmt":"2022-04-28T15:56:28","guid":{"rendered":"http:\/\/ms.gellnerka.cz\/subdom\/ms\/?p=826"},"modified":"2022-08-29T13:18:45","modified_gmt":"2022-08-29T11:18:45","slug":"zapis-ms-2022-2023","status":"publish","type":"post","link":"https:\/\/ms.gellnerka.cz\/subdom\/ms\/2022\/04\/28\/zapis-ms-2022-2023\/","title":{"rendered":"Z\u00e1pis do M\u0160 pro \u0161koln\u00ed rok 2022\/2023"},"content":{"rendered":"<p style=\"font-weight: 400; text-align: justify;\">Hled\u00e1te mate\u0159skou \u0161kolu pro sv\u00e9 d\u00edt\u011b se speci\u00e1ln\u00edmi vzd\u011bl\u00e1vac\u00edmi pot\u0159ebami?\u00a0Sv\u016fj z\u00e1jem je pot\u0159eba dolo\u017eit vypln\u011bn\u00edm \u017e\u00e1dosti o p\u0159ijet\u00ed a z\u00e1pisn\u00edho listu.<!--more--><\/p>\n<p style=\"font-weight: 400; text-align: justify;\">Jsme mate\u0159sk\u00e1 \u0161kola pro \u017e\u00e1ky se speci\u00e1ln\u00edmi vzd\u011bl\u00e1vac\u00edmi pot\u0159ebami, proto je nezbytnou podm\u00ednkou p\u0159ijet\u00ed \u010di odkladu <strong>doporu\u010den\u00ed speci\u00e1ln\u011b pedagogick\u00e9ho centra<\/strong> a sou\u010dasn\u011b <strong>doporu\u010den\u00ed odborn\u00e9ho l\u00e9ka\u0159e<\/strong>. Podm\u00ednkou je i platn\u00e9 o\u010dkov\u00e1n\u00ed dolo\u017een\u00e9 potvrzen\u00edm d\u011btsk\u00e9ho l\u00e9ka\u0159e. V\u00fdjimka z o\u010dkov\u00e1n\u00ed je pouze u d\u011bt\u00ed v posledn\u00edm roce p\u0159ed\u0161koln\u00ed doch\u00e1zky.<\/p>\n<p style=\"font-weight: 400; text-align: justify;\">Term\u00edn pro doru\u010den\u00ed \u017e\u00e1dost\u00ed o p\u0159ijet\u00ed a z\u00e1pisn\u00edho listu je<strong> 2. 5. 2022 \u2013 16. 5. 2022 \u2013 v p\u0159\u00edpad\u011b nutnosti a pokud budou voln\u00e1 m\u00edsta \u2013 i pozd\u011bji.<\/strong><\/p>\n<p style=\"font-weight: 400; text-align: justify;\"><strong>Z\u00e1pis se kon\u00e1 v obdob\u00ed 2. 5. 2022 \u2013 16. 5. 2022 a na p\u0159esn\u00e9m \u010dase Va\u0161eho p\u0159\u00edchodu se domluv\u00edme<\/strong>, \u00a0jakmile obdr\u017e\u00edme Va\u0161i p\u0159ihl\u00e1\u0161ku. Zavol\u00e1me V\u00e1m.<\/p>\n<p style=\"font-weight: 400;\">Chcete se na n\u011bco zeptat? Pi\u0161te na: <a href=\"mailto:radek.musil@gellnerka.cz\"><u>radek.musil@gellnerka.cz<\/u><\/a><\/p>\n<p style=\"font-weight: 400;\">Vypln\u011bn\u00e9 dokumenty k\u00a0z\u00e1pisu (z\u00e1pisn\u00ed list, dohodu o doch\u00e1zce do M\u0160 2022-2023, \u017e\u00e1dost o p\u0159ijet\u00ed do M\u0160 2022-2023, GDPR souhlas, vyzved\u00e1v\u00e1n\u00ed, dotazn\u00edk pro rodi\u010de d\u011bt\u00ed nastupuj\u00edc\u00edch do M\u0160) m\u016f\u017eete:<\/p>\n<ol style=\"font-weight: 400;\">\n<li>naskenovan\u00e9 zaslat na adresu: <a href=\"mailto:radek.musil@gellnerka.cz\"><u>radek.musil@gellnerka.cz<\/u><\/a><\/li>\n<li>jako listovn\u00ed z\u00e1silku zaslat na adresu: M\u0160, Z\u0160 a S\u0160 Gellnerka Brno, Gellnerova 66\/1, 637 00 Brno<\/li>\n<li>doru\u010dit osobn\u011b.<\/li>\n<\/ol>\n<p style=\"font-weight: 400;\"><strong>Dokumenty k z\u00e1pisu:<\/strong><\/p>\n<ol>\n<li><a href=\"https:\/\/ms.gellnerka.cz\/subdom\/ms\/wp-content\/uploads\/2022\/04\/Dohoda_o_dochazce_do_MS_2022_2023.pdf\">Dohoda o doch\u00e1zce do M\u0160 2022-2023<\/a>\u00a0[PDF]<\/li>\n<li><a href=\"https:\/\/ms.gellnerka.cz\/subdom\/ms\/wp-content\/uploads\/2022\/04\/Zadost_o_prijeti_do_MS_2022_2023.pdf\">\u017d\u00e1dost o p\u0159ijet\u00ed do M\u0160 2022-2023\u00a0<\/a>[PDF]<\/li>\n<li><a href=\"https:\/\/ms.gellnerka.cz\/subdom\/ms\/wp-content\/uploads\/2022\/04\/zapisni_list_2022_2023.docx\">Z\u00e1pisn\u00ed list 2022-2023<\/a> [DOCX]<\/li>\n<li><a href=\"https:\/\/ms.gellnerka.cz\/subdom\/ms\/wp-content\/uploads\/2022\/04\/GDPR_souhlas.pdf\">GDPR souhlas\u00a0<\/a>[PDF]<\/li>\n<li><a href=\"https:\/\/ms.gellnerka.cz\/subdom\/ms\/wp-content\/uploads\/2021\/04\/z\u00e1pis_vyzved\u00e1v\u00e1n%C3%AD.pdf\">Vyzved\u00e1v\u00e1n\u00ed<\/a> [PDF]<\/li>\n<li><a href=\"https:\/\/ms.gellnerka.cz\/subdom\/ms\/wp-content\/uploads\/2021\/04\/z\u00e1pis_dotazn%C3%ADk_pro_rodi\u010de_d\u011bt%C3%AD_nastupuj%C3%ADc%C3%ADch_do_M\u0160.pdf\">Dotazn\u00edk pro rodi\u010de d\u011bt\u00ed nastupuj\u00edc\u00edch do M\u0160<\/a> [PDF]<\/li>\n<\/ol>\n<p style=\"font-weight: 400;\">Pot\u0159ebn\u00e9 dokumenty k\u00a0z\u00e1pisu najdete tak\u00e9 \u00a0v\u00a0z\u00e1lo\u017ece <a href=\"https:\/\/ms.gellnerka.cz\/subdom\/ms\/dokumenty\/\">dokumenty<\/a>.<\/p>\n<p style=\"font-weight: 400;\">\n","protected":false},"excerpt":{"rendered":"<p>Hled\u00e1te mate\u0159skou \u0161kolu pro sv\u00e9 d\u00edt\u011b se speci\u00e1ln\u00edmi vzd\u011bl\u00e1vac\u00edmi pot\u0159ebami?\u00a0Sv\u016fj z\u00e1jem je pot\u0159eba dolo\u017eit vypln\u011bn\u00edm \u017e\u00e1dosti o p\u0159ijet\u00ed a z\u00e1pisn\u00edho listu.<\/p>\n","protected":false},"author":1,"featured_media":0,"comment_status":"closed","ping_status":"closed","sticky":false,"template":"","format":"standard","meta":[],"categories":[9],"tags":[],"_links":{"self":[{"href":"https:\/\/ms.gellnerka.cz\/subdom\/ms\/wp-json\/wp\/v2\/posts\/826"}],"collection":[{"href":"https:\/\/ms.gellnerka.cz\/subdom\/ms\/wp-json\/wp\/v2\/posts"}],"about":[{"href":"https:\/\/ms.gellnerka.cz\/subdom\/ms\/wp-json\/wp\/v2\/types\/post"}],"author":[{"embeddable":true,"href":"https:\/\/ms.gellnerka.cz\/subdom\/ms\/wp-json\/wp\/v2\/users\/1"}],"replies":[{"embeddable":true,"href":"https:\/\/ms.gellnerka.cz\/subdom\/ms\/wp-json\/wp\/v2\/comments?post=826"}],"version-history":[{"count":5,"href":"https:\/\/ms.gellnerka.cz\/subdom\/ms\/wp-json\/wp\/v2\/posts\/826\/revisions"}],"predecessor-version":[{"id":846,"href":"https:\/\/ms.gellnerka.cz\/subdom\/ms\/wp-json\/wp\/v2\/posts\/826\/revisions\/846"}],"wp:attachment":[{"href":"https:\/\/ms.gellnerka.cz\/subdom\/ms\/wp-json\/wp\/v2\/media?parent=826"}],"wp:term":[{"taxonomy":"category","embeddable":true,"href":"https:\/\/ms.gellnerka.cz\/subdom\/ms\/wp-json\/wp\/v2\/categories?post=826"},{"taxonomy":"post_tag","embeddable":true,"href":"https:\/\/ms.gellnerka.cz\/subdom\/ms\/wp-json\/wp\/v2\/tags?post=826"}],"curies":[{"name":"wp","href":"https:\/\/api.w.org\/{rel}","templated":true}]}}